{"id":12176,"date":"2023-12-21T17:02:15","date_gmt":"2023-12-21T16:02:15","guid":{"rendered":"https:\/\/www.duranteadesivi.com\/?p=12176"},"modified":"2023-12-21T17:02:15","modified_gmt":"2023-12-21T16:02:15","slug":"das-jahr-neigt-sich-dem-ende-zu-und-wir-geben-ihnen-eine-kleine-vorschau-auf-unsere-plaene-fuer-2024","status":"publish","type":"post","link":"https:\/\/www.duranteadesivi.com\/de\/news-de\/das-jahr-neigt-sich-dem-ende-zu-und-wir-geben-ihnen-eine-kleine-vorschau-auf-unsere-plaene-fuer-2024\/","title":{"rendered":"Das Jahr neigt sich dem Ende zu und wir geben Ihnen eine kleine Vorschau auf unsere Pl\u00e4ne f\u00fcr 2024"},"content":{"rendered":"<p>Das Jahr 2023 war voller Emotionen, erfreulich f\u00fcr neue Errungenschaften und gleichzeitig schmerzlich wegen des Ablebens unseres Inhabers Tarcisio Durante.<br \/>\nEnde August verstorben, werden wir die Erinnerung an den gro\u00dfen Mann, der er war und wie er das Unternehmen in diesen mehr als sechzig Jahren seiner T\u00e4tigkeit f\u00fchren konnte, in Ehren halten.<\/p>\n<p>Pl\u00e4ne f\u00fcr 2024: Wir werden unseren Beitrag zum Thema Nachhaltigkeit, sowohl bei der Produktentwicklung als auch bei der Steuerung der Produktionsprozesse verst\u00e4rken, unsere Gesch\u00e4ftsaktivit\u00e4ten entsprechend den neuen Wachstumszielen intensivieren und neue Investitionen in Forschungsaktivit\u00e4ten t\u00e4tigen. <\/p>\n<p>Dies wird es uns erm\u00f6glichen, das Sortiment weiter zu verfeinern und zu erweitern.<\/p>\n<p>Im Moment k\u00f6nnen wir ihnen nur mitteilen, dass es an weiteren \u00dcberraschungen nicht mangeln wird. Verfolgen Sie in der Zwischenzeit weiterhin unsere Nachrichten und unsere <a href=\"https:\/\/www.linkedin.com\/company\/duranteadesivi\/\" target=\"_blank\" rel=\"noopener\">LinkedIn<\/a> Seite.<br \/>\nBleiben Sie neugierig!<\/p>\n<p><strong>Wir w\u00fcnschen Ihnen ein frohes Weihnachtsfest und ein gl\u00fcckliches neues Jahr und erinnern Sie daran, dass unsere B\u00fcros vom 23. Dezember 2023 bis einschlie\u00dflich 07. Januar 2024 geschlossen sind.<\/strong><\/p>\n","protected":false},"excerpt":{"rendered":"<p>Das Jahr 2023 war voller Emotionen, erfreulich f\u00fcr neue Errungenschaften und gleichzeitig schmerzlich wegen des Ablebens unseres Inhabers Tarcisio Durante<\/p>\n","protected":false},"author":1,"featured_media":12174,"comment_status":"closed","ping_status":"closed","sticky":false,"template":"","format":"standard","meta":[],"categories":[76],"tags":[],"acf":[],"yoast_head":"<!-- This site is optimized with the Yoast SEO plugin v20.4 - https:\/\/yoast.com\/wordpress\/plugins\/seo\/ -->\n<title>Das Jahr neigt sich dem Ende zu und wir geben Ihnen eine kleine Vorschau auf unsere Pl\u00e4ne f\u00fcr 2024 - DuranteAdesivi<\/title>\n<meta name=\"description\" content=\"Das Jahr 2023 war voller Emotionen, erfreulich f\u00fcr neue Errungenschaften und gleichzeitig schmerzlich wegen des Ablebens unseres Inhabers Tarcisio Durante\" \/>\n<meta name=\"robots\" content=\"index, follow, max-snippet:-1, max-image-preview:large, max-video-preview:-1\" \/>\n<link rel=\"canonical\" href=\"https:\/\/www.duranteadesivi.com\/de\/news-de\/das-jahr-neigt-sich-dem-ende-zu-und-wir-geben-ihnen-eine-kleine-vorschau-auf-unsere-plaene-fuer-2024\/\" \/>\n<meta property=\"og:locale\" content=\"de_DE\" \/>\n<meta property=\"og:type\" content=\"article\" \/>\n<meta property=\"og:title\" content=\"Das Jahr neigt sich dem Ende zu und wir geben Ihnen eine kleine Vorschau auf unsere Pl\u00e4ne f\u00fcr 2024 - DuranteAdesivi\" \/>\n<meta property=\"og:description\" content=\"Das Jahr 2023 war voller Emotionen, erfreulich f\u00fcr neue Errungenschaften und gleichzeitig schmerzlich wegen des Ablebens unseres Inhabers Tarcisio Durante\" \/>\n<meta property=\"og:url\" content=\"https:\/\/www.duranteadesivi.com\/de\/news-de\/das-jahr-neigt-sich-dem-ende-zu-und-wir-geben-ihnen-eine-kleine-vorschau-auf-unsere-plaene-fuer-2024\/\" \/>\n<meta property=\"og:site_name\" content=\"DuranteAdesivi\" \/>\n<meta property=\"article:published_time\" content=\"2023-12-21T16:02:15+00:00\" \/>\n<meta property=\"og:image\" content=\"https:\/\/www.duranteadesivi.com\/wp-content\/uploads\/2023\/12\/durante-adesivi-news-programmi-2024-02.jpg\" \/>\n\t<meta property=\"og:image:width\" content=\"848\" \/>\n\t<meta property=\"og:image:height\" content=\"450\" \/>\n\t<meta property=\"og:image:type\" content=\"image\/jpeg\" \/>\n<meta name=\"author\" content=\"ADMcare\" \/>\n<meta name=\"twitter:card\" content=\"summary_large_image\" \/>\n<meta name=\"twitter:label1\" content=\"Verfasst von\" \/>\n\t<meta name=\"twitter:data1\" content=\"ADMcare\" \/>\n\t<meta name=\"twitter:label2\" content=\"Gesch\u00e4tzte Lesezeit\" \/>\n\t<meta name=\"twitter:data2\" content=\"1 Minute\" \/>\n<script type=\"application\/ld+json\" class=\"yoast-schema-graph\">{\"@context\":\"https:\/\/schema.org\",\"@graph\":[{\"@type\":\"Article\",\"@id\":\"https:\/\/www.duranteadesivi.com\/de\/news-de\/das-jahr-neigt-sich-dem-ende-zu-und-wir-geben-ihnen-eine-kleine-vorschau-auf-unsere-plaene-fuer-2024\/#article\",\"isPartOf\":{\"@id\":\"https:\/\/www.duranteadesivi.com\/de\/news-de\/das-jahr-neigt-sich-dem-ende-zu-und-wir-geben-ihnen-eine-kleine-vorschau-auf-unsere-plaene-fuer-2024\/\"},\"author\":{\"name\":\"ADMcare\",\"@id\":\"https:\/\/www.duranteadesivi.com\/de\/#\/schema\/person\/9db63bc4b9a27a8d8a5f586c869ee670\"},\"headline\":\"Das Jahr neigt sich dem Ende zu und wir geben Ihnen eine kleine Vorschau auf unsere Pl\u00e4ne f\u00fcr 2024\",\"datePublished\":\"2023-12-21T16:02:15+00:00\",\"dateModified\":\"2023-12-21T16:02:15+00:00\",\"mainEntityOfPage\":{\"@id\":\"https:\/\/www.duranteadesivi.com\/de\/news-de\/das-jahr-neigt-sich-dem-ende-zu-und-wir-geben-ihnen-eine-kleine-vorschau-auf-unsere-plaene-fuer-2024\/\"},\"wordCount\":190,\"publisher\":{\"@id\":\"https:\/\/www.duranteadesivi.com\/de\/#organization\"},\"articleSection\":[\"News &amp; Events\"],\"inLanguage\":\"de-DE\"},{\"@type\":\"WebPage\",\"@id\":\"https:\/\/www.duranteadesivi.com\/de\/news-de\/das-jahr-neigt-sich-dem-ende-zu-und-wir-geben-ihnen-eine-kleine-vorschau-auf-unsere-plaene-fuer-2024\/\",\"url\":\"https:\/\/www.duranteadesivi.com\/de\/news-de\/das-jahr-neigt-sich-dem-ende-zu-und-wir-geben-ihnen-eine-kleine-vorschau-auf-unsere-plaene-fuer-2024\/\",\"name\":\"Das Jahr neigt sich dem Ende zu und wir geben Ihnen eine kleine Vorschau auf unsere Pl\u00e4ne f\u00fcr 2024 - DuranteAdesivi\",\"isPartOf\":{\"@id\":\"https:\/\/www.duranteadesivi.com\/de\/#website\"},\"datePublished\":\"2023-12-21T16:02:15+00:00\",\"dateModified\":\"2023-12-21T16:02:15+00:00\",\"description\":\"Das Jahr 2023 war voller Emotionen, erfreulich f\u00fcr neue Errungenschaften und gleichzeitig schmerzlich wegen des Ablebens unseres Inhabers Tarcisio Durante\",\"breadcrumb\":{\"@id\":\"https:\/\/www.duranteadesivi.com\/de\/news-de\/das-jahr-neigt-sich-dem-ende-zu-und-wir-geben-ihnen-eine-kleine-vorschau-auf-unsere-plaene-fuer-2024\/#breadcrumb\"},\"inLanguage\":\"de-DE\",\"potentialAction\":[{\"@type\":\"ReadAction\",\"target\":[\"https:\/\/www.duranteadesivi.com\/de\/news-de\/das-jahr-neigt-sich-dem-ende-zu-und-wir-geben-ihnen-eine-kleine-vorschau-auf-unsere-plaene-fuer-2024\/\"]}]},{\"@type\":\"BreadcrumbList\",\"@id\":\"https:\/\/www.duranteadesivi.com\/de\/news-de\/das-jahr-neigt-sich-dem-ende-zu-und-wir-geben-ihnen-eine-kleine-vorschau-auf-unsere-plaene-fuer-2024\/#breadcrumb\",\"itemListElement\":[{\"@type\":\"ListItem\",\"position\":1,\"name\":\"Home\",\"item\":\"https:\/\/www.duranteadesivi.com\/de\/\"},{\"@type\":\"ListItem\",\"position\":2,\"name\":\"Das Jahr neigt sich dem Ende zu und wir geben Ihnen eine kleine Vorschau auf unsere Pl\u00e4ne f\u00fcr 2024\"}]},{\"@type\":\"WebSite\",\"@id\":\"https:\/\/www.duranteadesivi.com\/de\/#website\",\"url\":\"https:\/\/www.duranteadesivi.com\/de\/\",\"name\":\"DuranteAdesivi\",\"description\":\"Join us in excellence\",\"publisher\":{\"@id\":\"https:\/\/www.duranteadesivi.com\/de\/#organization\"},\"potentialAction\":[{\"@type\":\"SearchAction\",\"target\":{\"@type\":\"EntryPoint\",\"urlTemplate\":\"https:\/\/www.duranteadesivi.com\/de\/?s={search_term_string}\"},\"query-input\":\"required name=search_term_string\"}],\"inLanguage\":\"de-DE\"},{\"@type\":\"Organization\",\"@id\":\"https:\/\/www.duranteadesivi.com\/de\/#organization\",\"name\":\"DuranteVivan - Excellence in Adhesives\",\"url\":\"https:\/\/www.duranteadesivi.com\/de\/\",\"logo\":{\"@type\":\"ImageObject\",\"inLanguage\":\"de-DE\",\"@id\":\"https:\/\/www.duranteadesivi.com\/de\/#\/schema\/logo\/image\/\",\"url\":\"https:\/\/www.duranteadesivi.com\/wp-content\/uploads\/2019\/07\/logo-durante-vivan.png\",\"contentUrl\":\"https:\/\/www.duranteadesivi.com\/wp-content\/uploads\/2019\/07\/logo-durante-vivan.png\",\"width\":314,\"height\":60,\"caption\":\"DuranteVivan - Excellence in Adhesives\"},\"image\":{\"@id\":\"https:\/\/www.duranteadesivi.com\/de\/#\/schema\/logo\/image\/\"}},{\"@type\":\"Person\",\"@id\":\"https:\/\/www.duranteadesivi.com\/de\/#\/schema\/person\/9db63bc4b9a27a8d8a5f586c869ee670\",\"name\":\"ADMcare\",\"image\":{\"@type\":\"ImageObject\",\"inLanguage\":\"de-DE\",\"@id\":\"https:\/\/www.duranteadesivi.com\/de\/#\/schema\/person\/image\/\",\"url\":\"https:\/\/secure.gravatar.com\/avatar\/04098b9767b7c89cacf2867096c07b91?s=96&d=mm&r=g\",\"contentUrl\":\"https:\/\/secure.gravatar.com\/avatar\/04098b9767b7c89cacf2867096c07b91?s=96&d=mm&r=g\",\"caption\":\"ADMcare\"}}]}<\/script>\n<!-- \/ Yoast SEO plugin. -->","yoast_head_json":{"title":"Das Jahr neigt sich dem Ende zu und wir geben Ihnen eine kleine Vorschau auf unsere Pl\u00e4ne f\u00fcr 2024 - DuranteAdesivi","description":"Das Jahr 2023 war voller Emotionen, erfreulich f\u00fcr neue Errungenschaften und gleichzeitig schmerzlich wegen des Ablebens unseres Inhabers Tarcisio Durante","robots":{"index":"index","follow":"follow","max-snippet":"max-snippet:-1","max-image-preview":"max-image-preview:large","max-video-preview":"max-video-preview:-1"},"canonical":"https:\/\/www.duranteadesivi.com\/de\/news-de\/das-jahr-neigt-sich-dem-ende-zu-und-wir-geben-ihnen-eine-kleine-vorschau-auf-unsere-plaene-fuer-2024\/","og_locale":"de_DE","og_type":"article","og_title":"Das Jahr neigt sich dem Ende zu und wir geben Ihnen eine kleine Vorschau auf unsere Pl\u00e4ne f\u00fcr 2024 - DuranteAdesivi","og_description":"Das Jahr 2023 war voller Emotionen, erfreulich f\u00fcr neue Errungenschaften und gleichzeitig schmerzlich wegen des Ablebens unseres Inhabers Tarcisio Durante","og_url":"https:\/\/www.duranteadesivi.com\/de\/news-de\/das-jahr-neigt-sich-dem-ende-zu-und-wir-geben-ihnen-eine-kleine-vorschau-auf-unsere-plaene-fuer-2024\/","og_site_name":"DuranteAdesivi","article_published_time":"2023-12-21T16:02:15+00:00","og_image":[{"width":848,"height":450,"url":"https:\/\/www.duranteadesivi.com\/wp-content\/uploads\/2023\/12\/durante-adesivi-news-programmi-2024-02.jpg","type":"image\/jpeg"}],"author":"ADMcare","twitter_card":"summary_large_image","twitter_misc":{"Verfasst von":"ADMcare","Gesch\u00e4tzte Lesezeit":"1 Minute"},"schema":{"@context":"https:\/\/schema.org","@graph":[{"@type":"Article","@id":"https:\/\/www.duranteadesivi.com\/de\/news-de\/das-jahr-neigt-sich-dem-ende-zu-und-wir-geben-ihnen-eine-kleine-vorschau-auf-unsere-plaene-fuer-2024\/#article","isPartOf":{"@id":"https:\/\/www.duranteadesivi.com\/de\/news-de\/das-jahr-neigt-sich-dem-ende-zu-und-wir-geben-ihnen-eine-kleine-vorschau-auf-unsere-plaene-fuer-2024\/"},"author":{"name":"ADMcare","@id":"https:\/\/www.duranteadesivi.com\/de\/#\/schema\/person\/9db63bc4b9a27a8d8a5f586c869ee670"},"headline":"Das Jahr neigt sich dem Ende zu und wir geben Ihnen eine kleine Vorschau auf unsere Pl\u00e4ne f\u00fcr 2024","datePublished":"2023-12-21T16:02:15+00:00","dateModified":"2023-12-21T16:02:15+00:00","mainEntityOfPage":{"@id":"https:\/\/www.duranteadesivi.com\/de\/news-de\/das-jahr-neigt-sich-dem-ende-zu-und-wir-geben-ihnen-eine-kleine-vorschau-auf-unsere-plaene-fuer-2024\/"},"wordCount":190,"publisher":{"@id":"https:\/\/www.duranteadesivi.com\/de\/#organization"},"articleSection":["News &amp; Events"],"inLanguage":"de-DE"},{"@type":"WebPage","@id":"https:\/\/www.duranteadesivi.com\/de\/news-de\/das-jahr-neigt-sich-dem-ende-zu-und-wir-geben-ihnen-eine-kleine-vorschau-auf-unsere-plaene-fuer-2024\/","url":"https:\/\/www.duranteadesivi.com\/de\/news-de\/das-jahr-neigt-sich-dem-ende-zu-und-wir-geben-ihnen-eine-kleine-vorschau-auf-unsere-plaene-fuer-2024\/","name":"Das Jahr neigt sich dem Ende zu und wir geben Ihnen eine kleine Vorschau auf unsere Pl\u00e4ne f\u00fcr 2024 - DuranteAdesivi","isPartOf":{"@id":"https:\/\/www.duranteadesivi.com\/de\/#website"},"datePublished":"2023-12-21T16:02:15+00:00","dateModified":"2023-12-21T16:02:15+00:00","description":"Das Jahr 2023 war voller Emotionen, erfreulich f\u00fcr neue Errungenschaften und gleichzeitig schmerzlich wegen des Ablebens unseres Inhabers Tarcisio Durante","breadcrumb":{"@id":"https:\/\/www.duranteadesivi.com\/de\/news-de\/das-jahr-neigt-sich-dem-ende-zu-und-wir-geben-ihnen-eine-kleine-vorschau-auf-unsere-plaene-fuer-2024\/#breadcrumb"},"inLanguage":"de-DE","potentialAction":[{"@type":"ReadAction","target":["https:\/\/www.duranteadesivi.com\/de\/news-de\/das-jahr-neigt-sich-dem-ende-zu-und-wir-geben-ihnen-eine-kleine-vorschau-auf-unsere-plaene-fuer-2024\/"]}]},{"@type":"BreadcrumbList","@id":"https:\/\/www.duranteadesivi.com\/de\/news-de\/das-jahr-neigt-sich-dem-ende-zu-und-wir-geben-ihnen-eine-kleine-vorschau-auf-unsere-plaene-fuer-2024\/#breadcrumb","itemListElement":[{"@type":"ListItem","position":1,"name":"Home","item":"https:\/\/www.duranteadesivi.com\/de\/"},{"@type":"ListItem","position":2,"name":"Das Jahr neigt sich dem Ende zu und wir geben Ihnen eine kleine Vorschau auf unsere Pl\u00e4ne f\u00fcr 2024"}]},{"@type":"WebSite","@id":"https:\/\/www.duranteadesivi.com\/de\/#website","url":"https:\/\/www.duranteadesivi.com\/de\/","name":"DuranteAdesivi","description":"Join us in excellence","publisher":{"@id":"https:\/\/www.duranteadesivi.com\/de\/#organization"},"potentialAction":[{"@type":"SearchAction","target":{"@type":"EntryPoint","urlTemplate":"https:\/\/www.duranteadesivi.com\/de\/?s={search_term_string}"},"query-input":"required name=search_term_string"}],"inLanguage":"de-DE"},{"@type":"Organization","@id":"https:\/\/www.duranteadesivi.com\/de\/#organization","name":"DuranteVivan - Excellence in Adhesives","url":"https:\/\/www.duranteadesivi.com\/de\/","logo":{"@type":"ImageObject","inLanguage":"de-DE","@id":"https:\/\/www.duranteadesivi.com\/de\/#\/schema\/logo\/image\/","url":"https:\/\/www.duranteadesivi.com\/wp-content\/uploads\/2019\/07\/logo-durante-vivan.png","contentUrl":"https:\/\/www.duranteadesivi.com\/wp-content\/uploads\/2019\/07\/logo-durante-vivan.png","width":314,"height":60,"caption":"DuranteVivan - Excellence in Adhesives"},"image":{"@id":"https:\/\/www.duranteadesivi.com\/de\/#\/schema\/logo\/image\/"}},{"@type":"Person","@id":"https:\/\/www.duranteadesivi.com\/de\/#\/schema\/person\/9db63bc4b9a27a8d8a5f586c869ee670","name":"ADMcare","image":{"@type":"ImageObject","inLanguage":"de-DE","@id":"https:\/\/www.duranteadesivi.com\/de\/#\/schema\/person\/image\/","url":"https:\/\/secure.gravatar.com\/avatar\/04098b9767b7c89cacf2867096c07b91?s=96&d=mm&r=g","contentUrl":"https:\/\/secure.gravatar.com\/avatar\/04098b9767b7c89cacf2867096c07b91?s=96&d=mm&r=g","caption":"ADMcare"}}]}},"_links":{"self":[{"href":"https:\/\/www.duranteadesivi.com\/de\/wp-json\/wp\/v2\/posts\/12176"}],"collection":[{"href":"https:\/\/www.duranteadesivi.com\/de\/wp-json\/wp\/v2\/posts"}],"about":[{"href":"https:\/\/www.duranteadesivi.com\/de\/wp-json\/wp\/v2\/types\/post"}],"author":[{"embeddable":true,"href":"https:\/\/www.duranteadesivi.com\/de\/wp-json\/wp\/v2\/users\/1"}],"replies":[{"embeddable":true,"href":"https:\/\/www.duranteadesivi.com\/de\/wp-json\/wp\/v2\/comments?post=12176"}],"version-history":[{"count":2,"href":"https:\/\/www.duranteadesivi.com\/de\/wp-json\/wp\/v2\/posts\/12176\/revisions"}],"predecessor-version":[{"id":12181,"href":"https:\/\/www.duranteadesivi.com\/de\/wp-json\/wp\/v2\/posts\/12176\/revisions\/12181"}],"wp:featuredmedia":[{"embeddable":true,"href":"https:\/\/www.duranteadesivi.com\/de\/wp-json\/wp\/v2\/media\/12174"}],"wp:attachment":[{"href":"https:\/\/www.duranteadesivi.com\/de\/wp-json\/wp\/v2\/media?parent=12176"}],"wp:term":[{"taxonomy":"category","embeddable":true,"href":"https:\/\/www.duranteadesivi.com\/de\/wp-json\/wp\/v2\/categories?post=12176"},{"taxonomy":"post_tag","embeddable":true,"href":"https:\/\/www.duranteadesivi.com\/de\/wp-json\/wp\/v2\/tags?post=12176"}],"curies":[{"name":"wp","href":"https:\/\/api.w.org\/{rel}","templated":true}]}}